{"id":1104,"date":"2026-04-29T10:07:46","date_gmt":"2026-04-29T10:07:46","guid":{"rendered":"https:\/\/aragarrigues.com\/es\/?p=1104"},"modified":"2026-04-29T10:10:44","modified_gmt":"2026-04-29T10:10:44","slug":"la-fundacion-ara-garrigues-nombra-a-ferran-moya-bellmunt-como-nuevo-director-para-impulsar-el-futuro-del-territorio","status":"publish","type":"post","link":"https:\/\/aragarrigues.com\/es\/blog\/2026\/04\/29\/la-fundacion-ara-garrigues-nombra-a-ferran-moya-bellmunt-como-nuevo-director-para-impulsar-el-futuro-del-territorio\/","title":{"rendered":"La Fundaci\u00f3n Ara Garrigues nombra a Ferran Moy\u00e0 Bellmunt como nuevo director para impulsar el futuro del territorio"},"content":{"rendered":"<h5>La Fundaci\u00f3n Ara Garrigues, impulsada por GAP Cooperativa, inicia una nueva etapa con la incorporaci\u00f3n del arbequ\u00edn Ferran Moy\u00e0 Bellmunt como nuevo director, tomando el relevo de Xavier Gispert, que dej\u00f3 el cargo tras ser nombrado director general de Regad\u00edos y Espacios Agrarios de la Generalitat de Catalunya.<\/h5>\n<p>Este relieve representa una excelente oportunidad para consolidar el papel de la Fundaci\u00f3 Ara Garrigues como motor de dinamizaci\u00f3n econ\u00f3mica y social del territorio, reforzando su compromiso con el emprendimiento, la innovaci\u00f3n y la cohesi\u00f3n territorial.<\/p>\n<h3>Un perfil arraigado en el territorio y comprometido con Les Garrigues<\/h3>\n<p>Ferran Moy\u00e0, nacido en Arbeca, cuenta con una dilatada trayectoria de m\u00e1s de 40 a\u00f1os vinculada, fundamentalmente, a la actividad comercial. A lo largo de su vida laboral, ha desarrollado funciones tanto al frente de negocios propios como colaborando con diversas empresas, acumulando una amplia experiencia en gesti\u00f3n, dinamizaci\u00f3n y relaci\u00f3n con el tejido empresarial y social en Les Garrigues.<\/p>\n<p>Este bagaje aporta una visi\u00f3n pr\u00e1ctica y orientada a resultados, especialmente valiosa para una entidad como la Fundaci\u00f3 Ara Garrigues, que tiene como objetivo dar soporte directo a proyectos empresariales y de econom\u00eda real desarrollados en el territorio.<\/p>\n<p><img fetchpriority=\"high\" decoding=\"async\" class=\"aligncenter size-large wp-image-1106\" src=\"https:\/\/aragarrigues.com\/es\/wp-content\/uploads\/sites\/2\/2026\/04\/Ferran-Moya-nuevo-director-Fundacio-Ara-Garrigues-819x1024.png\" alt=\"\" width=\"800\" height=\"1000\" srcset=\"https:\/\/aragarrigues.com\/es\/wp-content\/uploads\/sites\/2\/2026\/04\/Ferran-Moya-nuevo-director-Fundacio-Ara-Garrigues-819x1024.png 819w, https:\/\/aragarrigues.com\/es\/wp-content\/uploads\/sites\/2\/2026\/04\/Ferran-Moya-nuevo-director-Fundacio-Ara-Garrigues-240x300.png 240w, https:\/\/aragarrigues.com\/es\/wp-content\/uploads\/sites\/2\/2026\/04\/Ferran-Moya-nuevo-director-Fundacio-Ara-Garrigues-768x960.png 768w, https:\/\/aragarrigues.com\/es\/wp-content\/uploads\/sites\/2\/2026\/04\/Ferran-Moya-nuevo-director-Fundacio-Ara-Garrigues-19x24.png 19w, https:\/\/aragarrigues.com\/es\/wp-content\/uploads\/sites\/2\/2026\/04\/Ferran-Moya-nuevo-director-Fundacio-Ara-Garrigues-29x36.png 29w, https:\/\/aragarrigues.com\/es\/wp-content\/uploads\/sites\/2\/2026\/04\/Ferran-Moya-nuevo-director-Fundacio-Ara-Garrigues-38x48.png 38w, https:\/\/aragarrigues.com\/es\/wp-content\/uploads\/sites\/2\/2026\/04\/Ferran-Moya-nuevo-director-Fundacio-Ara-Garrigues.png 1080w\" sizes=\"(max-width: 800px) 100vw, 800px\" \/><\/p>\n<h3>Implicaci\u00f3n activa en el tejido asociativo<\/h3>\n<p>El nuevo director destaca tambi\u00e9n por su implicaci\u00f3n en el tejido asociativo local. Ha participado activamente en entidades como BEC (Asociaci\u00f3n de Tiendas, Empresarios y Comerciantes de Arbeca), siendo uno de sus fundadores, la Agrupaci\u00f3n de Comerciantes de les Borges Blanques o de la Asociaci\u00f3n de Amigos de Vilars<\/p>\n<p>Esta experiencia refuerza su conocimiento del territorio y su capacidad para generar sinergias entre empresas, instituciones y personas.<\/p>\n<h3>Visi\u00f3n de futuro con Ferran Moy\u00e0. Un liderazgo basado en la experiencia y la proximidad<\/h3>\n<p>Ferran Moy\u00e0 asume el cargo con ilusi\u00f3n y compromiso, destacando el potencial de la comarca: \u00abEs un reto muy atractivo y apasionante. Nuestra comarca tiene grandes activos tanto en el \u00e1mbito personal como patrimonial y territorial que es necesario poner en valor y emplear todos nuestros esfuerzos para contribuir y ayudar a su desarrollo.\u00bb<br \/>\nSu visi\u00f3n ayudar\u00e1 a reforzar el papel de la Fundaci\u00f3 Ara Garrigues como agente de acompa\u00f1amiento para emprendedores y empresas, facilitando los recursos necesarios para convertir ideas en proyectos reales.<\/p>\n<h3>Impulso a nuevos proyectos y oportunidades<\/h3>\n<p>Entre los principales retos y objetivos para el nuevo director, destacan el acompa\u00f1amiento a iniciativas empresariales, la captaci\u00f3n de talento e inversi\u00f3n, la conexi\u00f3n entre agentes del territorio, la promoci\u00f3n de proyectos sostenibles e innovadores.<\/p>\n<p>Con su experiencia y conocimiento, Moy\u00e0 se convertir\u00e1 en un gran nexo de uni\u00f3n entre la Fundaci\u00f3n y todas aquellas personas con voluntad de emprender y generar impacto positivo en Les Garrigues.<\/p>\n<h3>Una mirada tambi\u00e9n art\u00edstica y creativa<\/h3>\n<p>M\u00e1s all\u00e1 de su trayectoria profesional, el perfil de Ferran Moy\u00e0 tambi\u00e9n incorpora una vertiente art\u00edstica como escultor. Su capacidad para transformar materiales en desuso en obras de arte refleja una forma de ver el mundo basado en la creatividad, la transformaci\u00f3n y el valor de las oportunidades.<\/p>\n<p>Esta mirada encaja plenamente con los valores de la Fundaci\u00f3 Ara Garrigues, que apuesta por dar una nueva vida a ideas y proyectos con potencial.<\/p>\n<h3>La Fundaci\u00f3n Ara Garrigues, junto al territorio<\/h3>\n<p>Con esta nueva incorporaci\u00f3n, la Fundaci\u00f3 Ara Garrigues, impulsada por GAP Cooperativa, refuerza su compromiso con el territorio y con todas aquellas iniciativas que contribuyen a su desarrollo. Si tienes una idea de negocio, un proyecto o quieres contribuir al futuro de Les Garrigues, la Fundaci\u00f3n es tu aliado para hacerlo realidad.<\/p>\n<p>La<strong> Fundaci\u00f3 Ara Garrigues<\/strong> es una entidad privada sin \u00e1nimo de lucro que trabaja para impulsar el desarrollo econ\u00f3mico y social de la comarca. Su misi\u00f3n se centra en:<br \/>\n\u2022 Apoyar proyectos empresariales<br \/>\n\u2022 Fomentar el emprendimiento y la innovaci\u00f3n<br \/>\n\u2022 Generar empleo de calidad<br \/>\n\u2022 Evitar el despoblamiento rural<br \/>\n\u2022 Potenciar el valor del territorio<\/p>\n<p>Tal y como establecen sus principios, la Fundaci\u00f3n destina recursos econ\u00f3micos, humanos y log\u00edsticos a proyectos, iniciativas, propuestas que aporten valor real a Les Garrigues .<\/p>\n<h3>Un modelo basado en la colaboraci\u00f3n y el territorio<\/h3>\n<p>La Fundaci\u00f3 Ara Garrigues agrupa a personas, empresas y entidades con una visi\u00f3n compartida: hacer crecer el territorio a trav\u00e9s de la cooperaci\u00f3n y la iniciativa empresarial. Este enfoque permite impulsar proyectos con impacto directo en la comarca y reforzar su competitividad.<\/p>\n","protected":false},"excerpt":{"rendered":"<p>La Fundaci\u00f3n Ara Garrigues, impulsada por GAP Cooperativa, inicia una nueva etapa con la incorporaci\u00f3n del arbequ\u00edn Ferran Moy\u00e0 Bellmunt como nuevo director, tomando el relevo de Xavier Gispert, que dej\u00f3 el cargo tras ser nombrado director general de Regad\u00edos y Espacios Agrarios de la Generalitat de Catalunya. Este relieve representa una excelente oportunidad para [&hellip;]<\/p>\n","protected":false},"author":3,"featured_media":1106,"comment_status":"closed","ping_status":"closed","sticky":false,"template":"","format":"standard","meta":{"footnotes":""},"categories":[1],"tags":[12,87,11,73,65,51,85,42,17,63],"class_list":["post-1104","post","type-post","status-publish","format-standard","has-post-thumbnail","hentry","category-uncategorized","tag-ara-garrigues","tag-ferran-moya-bellmunt","tag-fundacion","tag-fundacion-ara-garrigues","tag-gap-cooperativa","tag-innovacion","tag-juneda","tag-les-garrigues","tag-reto-demografico","tag-sostenibilidad"],"_links":{"self":[{"href":"https:\/\/aragarrigues.com\/es\/wp-json\/wp\/v2\/posts\/1104","targetHints":{"allow":["GET"]}}],"collection":[{"href":"https:\/\/aragarrigues.com\/es\/wp-json\/wp\/v2\/posts"}],"about":[{"href":"https:\/\/aragarrigues.com\/es\/wp-json\/wp\/v2\/types\/post"}],"author":[{"embeddable":true,"href":"https:\/\/aragarrigues.com\/es\/wp-json\/wp\/v2\/users\/3"}],"replies":[{"embeddable":true,"href":"https:\/\/aragarrigues.com\/es\/wp-json\/wp\/v2\/comments?post=1104"}],"version-history":[{"count":2,"href":"https:\/\/aragarrigues.com\/es\/wp-json\/wp\/v2\/posts\/1104\/revisions"}],"predecessor-version":[{"id":1107,"href":"https:\/\/aragarrigues.com\/es\/wp-json\/wp\/v2\/posts\/1104\/revisions\/1107"}],"wp:featuredmedia":[{"embeddable":true,"href":"https:\/\/aragarrigues.com\/es\/wp-json\/wp\/v2\/media\/1106"}],"wp:attachment":[{"href":"https:\/\/aragarrigues.com\/es\/wp-json\/wp\/v2\/media?parent=1104"}],"wp:term":[{"taxonomy":"category","embeddable":true,"href":"https:\/\/aragarrigues.com\/es\/wp-json\/wp\/v2\/categories?post=1104"},{"taxonomy":"post_tag","embeddable":true,"href":"https:\/\/aragarrigues.com\/es\/wp-json\/wp\/v2\/tags?post=1104"}],"curies":[{"name":"wp","href":"https:\/\/api.w.org\/{rel}","templated":true}]}}